{"id":481,"date":"2021-07-16T17:12:12","date_gmt":"2021-07-16T15:12:12","guid":{"rendered":"https:\/\/trek-net.com\/?p=481"},"modified":"2021-07-16T17:12:12","modified_gmt":"2021-07-16T15:12:12","slug":"los-mejores-desfiladeros-en-espana","status":"publish","type":"post","link":"https:\/\/trek-net.com\/fr\/los-mejores-desfiladeros-en-espana\/","title":{"rendered":"Los mejores desfiladeros en Espa\u00f1a"},"content":{"rendered":"<p>\u00bfCon ganas de aventura? Entonces no te puedes perder este post. A continuaci\u00f3n, te descubrimos cuatro de los desfiladeros en Espa\u00f1a m\u00e1s impresionantes. Perfectos para disfrutar de una escapada diferente.<\/p>\n<p>\u00a1Vamos all\u00e1!<\/p>\n<h2><strong>4 desfiladeros en Espa\u00f1a imprescindibles<\/strong><\/h2>\n<h3><strong>Desfiladero de La Yecla (Burgos)<\/strong><\/h3>\n<p>Muy cerca de Santo Domingo de Silos se encuentra la ruta del desfiladero de La Yecla. Sin duda, se trata de un trayecto de <strong>f\u00e1cil recorrido<\/strong>, por lo que es ideal para toda la familia.<\/p>\n<p>Situado en la sierra de La Demanda, en Burgos, dentro del <strong>Espacio Natural de La Yecla y los Sabinares del Arlanza<\/strong>, posee una longitud de 2 kil\u00f3metros, mientras que su anchura, en muchos casos, no supera los dos metros.<\/p>\n<p>As\u00ed, a lo largo de las <a href=\"https:\/\/trek-net.com\/rutas-por-pasarelas-con-encanto-en-galicia\/\">pasarelas<\/a> y siempre con el murmullo del r\u00edo Cauce, se puede atravesar la estrecha garganta y disfrutar de un impresionante paisaje, as\u00ed como de r\u00e1pidos y cascadas. Adem\u00e1s, es posible ver avistamientos de buitres leonardos.<\/p>\n<div id=\"attachment_482\" style=\"width: 851px\" class=\"wp-caption aligncenter\"><img decoding=\"async\" aria-describedby=\"caption-attachment-482\" class=\" wp-image-482\" src=\"https:\/\/trek-net.com\/wp-content\/uploads\/2021\/07\/La-Yecla-y-Sabinares-del-Arlanza-Excma-Diputacion-Provincial-de-Burgos-300x199.png\" alt=\"El desfiladero de La Yecla tiene una longitud de 2 kil\u00f3metros\" width=\"841\" height=\"558\" srcset=\"https:\/\/trek-net.com\/wp-content\/uploads\/2021\/07\/La-Yecla-y-Sabinares-del-Arlanza-Excma-Diputacion-Provincial-de-Burgos-200x133.png 200w, https:\/\/trek-net.com\/wp-content\/uploads\/2021\/07\/La-Yecla-y-Sabinares-del-Arlanza-Excma-Diputacion-Provincial-de-Burgos-300x199.png 300w, https:\/\/trek-net.com\/wp-content\/uploads\/2021\/07\/La-Yecla-y-Sabinares-del-Arlanza-Excma-Diputacion-Provincial-de-Burgos-400x266.png 400w, https:\/\/trek-net.com\/wp-content\/uploads\/2021\/07\/La-Yecla-y-Sabinares-del-Arlanza-Excma-Diputacion-Provincial-de-Burgos-500x332.png 500w, https:\/\/trek-net.com\/wp-content\/uploads\/2021\/07\/La-Yecla-y-Sabinares-del-Arlanza-Excma-Diputacion-Provincial-de-Burgos-600x399.png 600w, https:\/\/trek-net.com\/wp-content\/uploads\/2021\/07\/La-Yecla-y-Sabinares-del-Arlanza-Excma-Diputacion-Provincial-de-Burgos-700x465.png 700w, https:\/\/trek-net.com\/wp-content\/uploads\/2021\/07\/La-Yecla-y-Sabinares-del-Arlanza-Excma-Diputacion-Provincial-de-Burgos-768x510.png 768w, https:\/\/trek-net.com\/wp-content\/uploads\/2021\/07\/La-Yecla-y-Sabinares-del-Arlanza-Excma-Diputacion-Provincial-de-Burgos-800x532.png 800w, https:\/\/trek-net.com\/wp-content\/uploads\/2021\/07\/La-Yecla-y-Sabinares-del-Arlanza-Excma-Diputacion-Provincial-de-Burgos-1024x681.png 1024w, https:\/\/trek-net.com\/wp-content\/uploads\/2021\/07\/La-Yecla-y-Sabinares-del-Arlanza-Excma-Diputacion-Provincial-de-Burgos-1200x797.png 1200w, https:\/\/trek-net.com\/wp-content\/uploads\/2021\/07\/La-Yecla-y-Sabinares-del-Arlanza-Excma-Diputacion-Provincial-de-Burgos.png 1261w\" sizes=\"(max-width: 841px) 100vw, 841px\" \/><p id=\"caption-attachment-482\" class=\"wp-caption-text\">La Yecla, Diputaci\u00f3n Provincial de Burgos<\/p><\/div>\n<h3><strong>Cerrada del r\u00edo Castril (Granada)<\/strong><\/h3>\n<p>De Castilla y Le\u00f3n nos vamos a Andaluc\u00eda, porque en Granada se encuentra la Cerrada del r\u00edo Castril. El recorrido, de <strong>2,2 kil\u00f3metros<\/strong> y una subida de 110 metros, es perfecta para disfrutar de una ruta familiar. Adem\u00e1s, cruza un puente colgante y unos t\u00faneles.<\/p>\n<p>Por otro lado, la ruta baja, desde el centro del pueblo Castril, al r\u00edo y llega a la antigua central el\u00e9ctrica, que est\u00e1 excavada en roca. Sin duda, un trayecto ideal para disfrutar al m\u00e1ximo de la naturaleza.<\/p>\n<div id=\"attachment_486\" style=\"width: 847px\" class=\"wp-caption aligncenter\"><img decoding=\"async\" aria-describedby=\"caption-attachment-486\" class=\" wp-image-486\" src=\"https:\/\/trek-net.com\/wp-content\/uploads\/2021\/07\/Cerrada-Castril-patronato-turismo-Granada-300x218.jpg\" alt=\"Cerrada del r\u00edo Castril tiene 2,2 kil\u00f3metros de recorrido\" width=\"837\" height=\"608\" srcset=\"https:\/\/trek-net.com\/wp-content\/uploads\/2021\/07\/Cerrada-Castril-patronato-turismo-Granada-200x145.jpg 200w, https:\/\/trek-net.com\/wp-content\/uploads\/2021\/07\/Cerrada-Castril-patronato-turismo-Granada-300x218.jpg 300w, https:\/\/trek-net.com\/wp-content\/uploads\/2021\/07\/Cerrada-Castril-patronato-turismo-Granada-400x291.jpg 400w, https:\/\/trek-net.com\/wp-content\/uploads\/2021\/07\/Cerrada-Castril-patronato-turismo-Granada-500x364.jpg 500w, https:\/\/trek-net.com\/wp-content\/uploads\/2021\/07\/Cerrada-Castril-patronato-turismo-Granada.jpg 550w\" sizes=\"(max-width: 837px) 100vw, 837px\" \/><p id=\"caption-attachment-486\" class=\"wp-caption-text\">Cerrada del r\u00edo Castril. Patronato Provincial de Turismo<\/p><\/div>\n<h3><strong>Hoz de Beteta (Cuenca)<\/strong><\/h3>\n<p>\u00bfOtro de los desfiladeros en Espa\u00f1a que no te puedes perder? La Hoz de Beteta, en la Serran\u00eda de Cuenca. Un espacio protegido con casi 8 kil\u00f3metros de acantilados denominado <strong>Monumento Natural Hoz de Beteta y Sumidero de Mata Asnos<\/strong>.<\/p>\n<p>Cuevas, meandros, pozas y cascadas son algunos de los atractivos que se pueden apreciar durante el recorrido y, adem\u00e1s, no es necesario hacer toda la ruta completa, ya que existen distintos recorridos de menor duraci\u00f3n, como puede ser el Paseo Bot\u00e1nico, de dos kil\u00f3metros.<\/p>\n<p><img decoding=\"async\" class=\" wp-image-490 aligncenter\" src=\"https:\/\/trek-net.com\/wp-content\/uploads\/2021\/07\/1526036310-300x188.jpg\" alt=\"Hoz de Beteta posee casi 8 kil\u00f3metros de acantilados\" width=\"839\" height=\"526\" srcset=\"https:\/\/trek-net.com\/wp-content\/uploads\/2021\/07\/1526036310-200x125.jpg 200w, https:\/\/trek-net.com\/wp-content\/uploads\/2021\/07\/1526036310-300x188.jpg 300w, https:\/\/trek-net.com\/wp-content\/uploads\/2021\/07\/1526036310-320x202.jpg 320w, https:\/\/trek-net.com\/wp-content\/uploads\/2021\/07\/1526036310-400x250.jpg 400w, https:\/\/trek-net.com\/wp-content\/uploads\/2021\/07\/1526036310-500x313.jpg 500w, https:\/\/trek-net.com\/wp-content\/uploads\/2021\/07\/1526036310.jpg 600w\" sizes=\"(max-width: 839px) 100vw, 839px\" \/><\/p>\n<h3><strong>Congost de Mont-Rebei (Lleida) <\/strong><\/h3>\n<p>Con paredes de m\u00e1s de 500 metros y un camino excavado en roca, el congost de Mont-Rebei, en Lleida, es uno de los desfiladeros en Espa\u00f1a m\u00e1s espectaculares. Adem\u00e1s, est\u00e1 declarado como <strong>Refugio de Fauna Salvaje<\/strong>.<\/p>\n<p>Impresionantes vistas y naturaleza salvaje, entre sus principales atractivos. Por otro lado, se encuentra cerca de la cueva de la Colomera, un destino ideal para aquellos apasionados de la espeleolog\u00eda.<\/p>\n<p><img decoding=\"async\" class=\" wp-image-494 aligncenter\" src=\"https:\/\/trek-net.com\/wp-content\/uploads\/2021\/07\/Screenshot-2021-07-15-at-12-35-50-Congosto-de-Mont-rebei-Excursiones-por-Huesca-300x204.png\" alt=\"Congost de Mont-Rebei est\u00e1 declarado como Refugio de Fauna Salvaje\" width=\"843\" height=\"573\" srcset=\"https:\/\/trek-net.com\/wp-content\/uploads\/2021\/07\/Screenshot-2021-07-15-at-12-35-50-Congosto-de-Mont-rebei-Excursiones-por-Huesca-200x136.png 200w, https:\/\/trek-net.com\/wp-content\/uploads\/2021\/07\/Screenshot-2021-07-15-at-12-35-50-Congosto-de-Mont-rebei-Excursiones-por-Huesca-300x204.png 300w, https:\/\/trek-net.com\/wp-content\/uploads\/2021\/07\/Screenshot-2021-07-15-at-12-35-50-Congosto-de-Mont-rebei-Excursiones-por-Huesca-400x272.png 400w, https:\/\/trek-net.com\/wp-content\/uploads\/2021\/07\/Screenshot-2021-07-15-at-12-35-50-Congosto-de-Mont-rebei-Excursiones-por-Huesca-500x340.png 500w, https:\/\/trek-net.com\/wp-content\/uploads\/2021\/07\/Screenshot-2021-07-15-at-12-35-50-Congosto-de-Mont-rebei-Excursiones-por-Huesca-600x408.png 600w, https:\/\/trek-net.com\/wp-content\/uploads\/2021\/07\/Screenshot-2021-07-15-at-12-35-50-Congosto-de-Mont-rebei-Excursiones-por-Huesca-700x477.png 700w, https:\/\/trek-net.com\/wp-content\/uploads\/2021\/07\/Screenshot-2021-07-15-at-12-35-50-Congosto-de-Mont-rebei-Excursiones-por-Huesca-768x523.png 768w, https:\/\/trek-net.com\/wp-content\/uploads\/2021\/07\/Screenshot-2021-07-15-at-12-35-50-Congosto-de-Mont-rebei-Excursiones-por-Huesca-800x545.png 800w, https:\/\/trek-net.com\/wp-content\/uploads\/2021\/07\/Screenshot-2021-07-15-at-12-35-50-Congosto-de-Mont-rebei-Excursiones-por-Huesca.png 996w\" sizes=\"(max-width: 843px) 100vw, 843px\" \/><\/p>\n<p>\u00bfQu\u00e9 te ha parecido este post sobre desfiladeros en Espa\u00f1a que no te puedes perder? Esperamos que te haya gustado y recuerda, en Trek-Net nos encargamos de instalar mallas antideslizantes. Unas redes de protecci\u00f3n que evitan ca\u00eddas y tropiezos accidentales provocados por la lluvia o la humedad.<\/p>\n<p>Si est\u00e1s interesado en ellas, no dudes en contactarnos. Nos encantar\u00e1 escucharte y ayudarte en todo lo que necesites.<\/p>\n","protected":false},"excerpt":{"rendered":"<p>\u00bfCon ganas de aventuras? Te descubrimos los mejores desfiladeros en Espa\u00f1a para que disfrutes de una jornada diferente en la naturaleza<\/p>\n","protected":false},"author":3,"featured_media":482,"comment_status":"open","ping_status":"open","sticky":false,"template":"","format":"standard","meta":{"_jetpack_memberships_contains_paid_content":false,"footnotes":""},"categories":[28],"tags":[144,141,143,146,140,139,65,145,142,147,102],"class_list":["post-481","post","type-post","status-publish","format-standard","has-post-thumbnail","hentry","category-recomendaciones","tag-burgos","tag-cerrada-del-rio-castril","tag-congost-de-mont-rebei","tag-cuenca","tag-desfiladero-de-la-yecla","tag-desfiladeros","tag-espana","tag-granada","tag-hoz-de-beteta","tag-lleida","tag-rutas"],"yoast_head":"<!-- This site is optimized with the Yoast SEO plugin v26.5 - https:\/\/yoast.com\/wordpress\/plugins\/seo\/ -->\n<title>Impresionantes desfiladeros en Espa\u00f1a que no te puedes perder<\/title>\n<meta name=\"description\" content=\"\u00bfCon ganas de aventuras? Te descubrimos los mejores desfiladeros en Espa\u00f1a para que disfrutes de una jornada diferente en la naturaleza\" \/>\n<meta name=\"robots\" content=\"index, follow, max-snippet:-1, max-image-preview:large, max-video-preview:-1\" \/>\n<link rel=\"canonical\" href=\"https:\/\/trek-net.com\/los-mejores-desfiladeros-en-espana\/\" \/>\n<meta property=\"og:locale\" content=\"fr_FR\" \/>\n<meta property=\"og:type\" content=\"article\" \/>\n<meta property=\"og:title\" content=\"Impresionantes desfiladeros en Espa\u00f1a que no te puedes perder\" \/>\n<meta property=\"og:description\" content=\"\u00bfCon ganas de aventuras? Te descubrimos los mejores desfiladeros en Espa\u00f1a para que disfrutes de una jornada diferente en la naturaleza\" \/>\n<meta property=\"og:url\" content=\"https:\/\/trek-net.com\/los-mejores-desfiladeros-en-espana\/\" \/>\n<meta property=\"og:site_name\" content=\"Trek-net\" \/>\n<meta property=\"article:published_time\" content=\"2021-07-16T15:12:12+00:00\" \/>\n<meta property=\"og:image\" content=\"https:\/\/trek-net.com\/wp-content\/uploads\/2021\/07\/La-Yecla-y-Sabinares-del-Arlanza-Excma-Diputacion-Provincial-de-Burgos-1024x681.png\" \/>\n\t<meta property=\"og:image:width\" content=\"1024\" \/>\n\t<meta property=\"og:image:height\" content=\"681\" \/>\n\t<meta property=\"og:image:type\" content=\"image\/png\" \/>\n<meta name=\"author\" content=\"Celeste Conde\" \/>\n<meta name=\"twitter:card\" content=\"summary_large_image\" \/>\n<meta name=\"twitter:label1\" content=\"\u00c9crit par\" \/>\n\t<meta name=\"twitter:data1\" content=\"Celeste Conde\" \/>\n\t<meta name=\"twitter:label2\" content=\"Dur\u00e9e de lecture estim\u00e9e\" \/>\n\t<meta name=\"twitter:data2\" content=\"3 minutes\" \/>\n<script type=\"application\/ld+json\" class=\"yoast-schema-graph\">{\"@context\":\"https:\/\/schema.org\",\"@graph\":[{\"@type\":\"WebPage\",\"@id\":\"https:\/\/trek-net.com\/los-mejores-desfiladeros-en-espana\/\",\"url\":\"https:\/\/trek-net.com\/los-mejores-desfiladeros-en-espana\/\",\"name\":\"Impresionantes desfiladeros en Espa\u00f1a que no te puedes perder\",\"isPartOf\":{\"@id\":\"https:\/\/trek-net.com\/#website\"},\"primaryImageOfPage\":{\"@id\":\"https:\/\/trek-net.com\/los-mejores-desfiladeros-en-espana\/#primaryimage\"},\"image\":{\"@id\":\"https:\/\/trek-net.com\/los-mejores-desfiladeros-en-espana\/#primaryimage\"},\"thumbnailUrl\":\"https:\/\/trek-net.com\/wp-content\/uploads\/2021\/07\/La-Yecla-y-Sabinares-del-Arlanza-Excma-Diputacion-Provincial-de-Burgos.png\",\"datePublished\":\"2021-07-16T15:12:12+00:00\",\"author\":{\"@id\":\"https:\/\/trek-net.com\/#\/schema\/person\/2154556adbc3087011d5d245c1a4180e\"},\"description\":\"\u00bfCon ganas de aventuras? Te descubrimos los mejores desfiladeros en Espa\u00f1a para que disfrutes de una jornada diferente en la naturaleza\",\"breadcrumb\":{\"@id\":\"https:\/\/trek-net.com\/los-mejores-desfiladeros-en-espana\/#breadcrumb\"},\"inLanguage\":\"fr-FR\",\"potentialAction\":[{\"@type\":\"ReadAction\",\"target\":[\"https:\/\/trek-net.com\/los-mejores-desfiladeros-en-espana\/\"]}]},{\"@type\":\"ImageObject\",\"inLanguage\":\"fr-FR\",\"@id\":\"https:\/\/trek-net.com\/los-mejores-desfiladeros-en-espana\/#primaryimage\",\"url\":\"https:\/\/trek-net.com\/wp-content\/uploads\/2021\/07\/La-Yecla-y-Sabinares-del-Arlanza-Excma-Diputacion-Provincial-de-Burgos.png\",\"contentUrl\":\"https:\/\/trek-net.com\/wp-content\/uploads\/2021\/07\/La-Yecla-y-Sabinares-del-Arlanza-Excma-Diputacion-Provincial-de-Burgos.png\",\"width\":1261,\"height\":838,\"caption\":\"La Yecla, Diputaci\u00f3n Provincial de Burgos\"},{\"@type\":\"BreadcrumbList\",\"@id\":\"https:\/\/trek-net.com\/los-mejores-desfiladeros-en-espana\/#breadcrumb\",\"itemListElement\":[{\"@type\":\"ListItem\",\"position\":1,\"name\":\"Portada\",\"item\":\"https:\/\/trek-net.com\/fr\/\"},{\"@type\":\"ListItem\",\"position\":2,\"name\":\"Los mejores desfiladeros en Espa\u00f1a\"}]},{\"@type\":\"WebSite\",\"@id\":\"https:\/\/trek-net.com\/#website\",\"url\":\"https:\/\/trek-net.com\/\",\"name\":\"Trek-net\",\"description\":\"Safety nonslip net\",\"potentialAction\":[{\"@type\":\"SearchAction\",\"target\":{\"@type\":\"EntryPoint\",\"urlTemplate\":\"https:\/\/trek-net.com\/?s={search_term_string}\"},\"query-input\":{\"@type\":\"PropertyValueSpecification\",\"valueRequired\":true,\"valueName\":\"search_term_string\"}}],\"inLanguage\":\"fr-FR\"},{\"@type\":\"Person\",\"@id\":\"https:\/\/trek-net.com\/#\/schema\/person\/2154556adbc3087011d5d245c1a4180e\",\"name\":\"Celeste Conde\",\"image\":{\"@type\":\"ImageObject\",\"inLanguage\":\"fr-FR\",\"@id\":\"https:\/\/trek-net.com\/#\/schema\/person\/image\/\",\"url\":\"https:\/\/secure.gravatar.com\/avatar\/ea313ca5421bf64d8f7503089f4e3036c48e59199bdd5b4352b7d16d57bf9f56?s=96&d=mm&r=g\",\"contentUrl\":\"https:\/\/secure.gravatar.com\/avatar\/ea313ca5421bf64d8f7503089f4e3036c48e59199bdd5b4352b7d16d57bf9f56?s=96&d=mm&r=g\",\"caption\":\"Celeste Conde\"},\"url\":\"https:\/\/trek-net.com\/fr\/author\/celeste\/\"}]}<\/script>\n<!-- \/ Yoast SEO plugin. -->","yoast_head_json":{"title":"Impresionantes desfiladeros en Espa\u00f1a que no te puedes perder","description":"\u00bfCon ganas de aventuras? Te descubrimos los mejores desfiladeros en Espa\u00f1a para que disfrutes de una jornada diferente en la naturaleza","robots":{"index":"index","follow":"follow","max-snippet":"max-snippet:-1","max-image-preview":"max-image-preview:large","max-video-preview":"max-video-preview:-1"},"canonical":"https:\/\/trek-net.com\/los-mejores-desfiladeros-en-espana\/","og_locale":"fr_FR","og_type":"article","og_title":"Impresionantes desfiladeros en Espa\u00f1a que no te puedes perder","og_description":"\u00bfCon ganas de aventuras? Te descubrimos los mejores desfiladeros en Espa\u00f1a para que disfrutes de una jornada diferente en la naturaleza","og_url":"https:\/\/trek-net.com\/los-mejores-desfiladeros-en-espana\/","og_site_name":"Trek-net","article_published_time":"2021-07-16T15:12:12+00:00","og_image":[{"width":1024,"height":681,"url":"https:\/\/trek-net.com\/wp-content\/uploads\/2021\/07\/La-Yecla-y-Sabinares-del-Arlanza-Excma-Diputacion-Provincial-de-Burgos-1024x681.png","type":"image\/png"}],"author":"Celeste Conde","twitter_card":"summary_large_image","twitter_misc":{"\u00c9crit par":"Celeste Conde","Dur\u00e9e de lecture estim\u00e9e":"3 minutes"},"schema":{"@context":"https:\/\/schema.org","@graph":[{"@type":"WebPage","@id":"https:\/\/trek-net.com\/los-mejores-desfiladeros-en-espana\/","url":"https:\/\/trek-net.com\/los-mejores-desfiladeros-en-espana\/","name":"Impresionantes desfiladeros en Espa\u00f1a que no te puedes perder","isPartOf":{"@id":"https:\/\/trek-net.com\/#website"},"primaryImageOfPage":{"@id":"https:\/\/trek-net.com\/los-mejores-desfiladeros-en-espana\/#primaryimage"},"image":{"@id":"https:\/\/trek-net.com\/los-mejores-desfiladeros-en-espana\/#primaryimage"},"thumbnailUrl":"https:\/\/trek-net.com\/wp-content\/uploads\/2021\/07\/La-Yecla-y-Sabinares-del-Arlanza-Excma-Diputacion-Provincial-de-Burgos.png","datePublished":"2021-07-16T15:12:12+00:00","author":{"@id":"https:\/\/trek-net.com\/#\/schema\/person\/2154556adbc3087011d5d245c1a4180e"},"description":"\u00bfCon ganas de aventuras? Te descubrimos los mejores desfiladeros en Espa\u00f1a para que disfrutes de una jornada diferente en la naturaleza","breadcrumb":{"@id":"https:\/\/trek-net.com\/los-mejores-desfiladeros-en-espana\/#breadcrumb"},"inLanguage":"fr-FR","potentialAction":[{"@type":"ReadAction","target":["https:\/\/trek-net.com\/los-mejores-desfiladeros-en-espana\/"]}]},{"@type":"ImageObject","inLanguage":"fr-FR","@id":"https:\/\/trek-net.com\/los-mejores-desfiladeros-en-espana\/#primaryimage","url":"https:\/\/trek-net.com\/wp-content\/uploads\/2021\/07\/La-Yecla-y-Sabinares-del-Arlanza-Excma-Diputacion-Provincial-de-Burgos.png","contentUrl":"https:\/\/trek-net.com\/wp-content\/uploads\/2021\/07\/La-Yecla-y-Sabinares-del-Arlanza-Excma-Diputacion-Provincial-de-Burgos.png","width":1261,"height":838,"caption":"La Yecla, Diputaci\u00f3n Provincial de Burgos"},{"@type":"BreadcrumbList","@id":"https:\/\/trek-net.com\/los-mejores-desfiladeros-en-espana\/#breadcrumb","itemListElement":[{"@type":"ListItem","position":1,"name":"Portada","item":"https:\/\/trek-net.com\/fr\/"},{"@type":"ListItem","position":2,"name":"Los mejores desfiladeros en Espa\u00f1a"}]},{"@type":"WebSite","@id":"https:\/\/trek-net.com\/#website","url":"https:\/\/trek-net.com\/","name":"Trek-net","description":"Safety nonslip net","potentialAction":[{"@type":"SearchAction","target":{"@type":"EntryPoint","urlTemplate":"https:\/\/trek-net.com\/?s={search_term_string}"},"query-input":{"@type":"PropertyValueSpecification","valueRequired":true,"valueName":"search_term_string"}}],"inLanguage":"fr-FR"},{"@type":"Person","@id":"https:\/\/trek-net.com\/#\/schema\/person\/2154556adbc3087011d5d245c1a4180e","name":"Celeste Conde","image":{"@type":"ImageObject","inLanguage":"fr-FR","@id":"https:\/\/trek-net.com\/#\/schema\/person\/image\/","url":"https:\/\/secure.gravatar.com\/avatar\/ea313ca5421bf64d8f7503089f4e3036c48e59199bdd5b4352b7d16d57bf9f56?s=96&d=mm&r=g","contentUrl":"https:\/\/secure.gravatar.com\/avatar\/ea313ca5421bf64d8f7503089f4e3036c48e59199bdd5b4352b7d16d57bf9f56?s=96&d=mm&r=g","caption":"Celeste Conde"},"url":"https:\/\/trek-net.com\/fr\/author\/celeste\/"}]}},"jetpack_featured_media_url":"https:\/\/trek-net.com\/wp-content\/uploads\/2021\/07\/La-Yecla-y-Sabinares-del-Arlanza-Excma-Diputacion-Provincial-de-Burgos.png","jetpack_sharing_enabled":true,"_links":{"self":[{"href":"https:\/\/trek-net.com\/fr\/wp-json\/wp\/v2\/posts\/481","targetHints":{"allow":["GET"]}}],"collection":[{"href":"https:\/\/trek-net.com\/fr\/wp-json\/wp\/v2\/posts"}],"about":[{"href":"https:\/\/trek-net.com\/fr\/wp-json\/wp\/v2\/types\/post"}],"author":[{"embeddable":true,"href":"https:\/\/trek-net.com\/fr\/wp-json\/wp\/v2\/users\/3"}],"replies":[{"embeddable":true,"href":"https:\/\/trek-net.com\/fr\/wp-json\/wp\/v2\/comments?post=481"}],"version-history":[{"count":1,"href":"https:\/\/trek-net.com\/fr\/wp-json\/wp\/v2\/posts\/481\/revisions"}],"predecessor-version":[{"id":498,"href":"https:\/\/trek-net.com\/fr\/wp-json\/wp\/v2\/posts\/481\/revisions\/498"}],"wp:featuredmedia":[{"embeddable":true,"href":"https:\/\/trek-net.com\/fr\/wp-json\/wp\/v2\/media\/482"}],"wp:attachment":[{"href":"https:\/\/trek-net.com\/fr\/wp-json\/wp\/v2\/media?parent=481"}],"wp:term":[{"taxonomy":"category","embeddable":true,"href":"https:\/\/trek-net.com\/fr\/wp-json\/wp\/v2\/categories?post=481"},{"taxonomy":"post_tag","embeddable":true,"href":"https:\/\/trek-net.com\/fr\/wp-json\/wp\/v2\/tags?post=481"}],"curies":[{"name":"wp","href":"https:\/\/api.w.org\/{rel}","templated":true}]}}