{"id":2142,"date":"2023-06-30T17:48:21","date_gmt":"2023-06-30T15:48:21","guid":{"rendered":"https:\/\/trek-net.com\/que-ropa-llevar-a-la-montana-en-verano\/"},"modified":"2023-11-10T19:13:08","modified_gmt":"2023-11-10T18:13:08","slug":"que-ropa-llevar-a-la-montana-en-verano","status":"publish","type":"post","link":"https:\/\/trek-net.com\/pt-pt\/que-ropa-llevar-a-la-montana-en-verano\/","title":{"rendered":"\u00bfQue roupa levar para a montanha no ver\u00e3o?"},"content":{"rendered":"<p><strong>\u00bfQue roupa levar para a montanha no ver\u00e3o?<\/strong> Se voc\u00ea planeja aproveitar a natureza durante a temporada de ver\u00e3o, aqui est\u00e3o algumas recomenda\u00e7\u00f5es. Continue lendo!<\/p>\n<h2><strong>\u00bfQue roupa levar para a montanha no ver\u00e3o?<\/strong><\/h2>\n<p>O clima na montanha pode variar consideravelmente ao longo do dia, ent\u00e3o \u00e9 recomend\u00e1vel usar diferentes camadas de roupa que voc\u00ea pode vestir ou tirar conforme necess\u00e1rio. Isso permitir\u00e1 que voc\u00ea se adapte \u00e0s mudan\u00e7as de temperatura.<\/p>\n<ul>\n<li><strong>Camiseta de manga curta.<\/strong> Durante o dia, voc\u00ea pode vestir uma camiseta de manga curta projetada para esportes. Dessa forma, voc\u00ea garante que seja leve e respir\u00e1vel.<\/li>\n<li><strong>Camiseta de manga longa.<\/strong> Na lista de roupas que voc\u00ea pode levar para a montanha no ver\u00e3o, n\u00e3o se esque\u00e7a de uma camiseta de manga longa. Ser\u00e1 muito \u00fatil se o seu passeio come\u00e7ar cedo ou se voc\u00ea planeja voltar tarde da trilha.<\/li>\n<li><strong>Polar leve.<\/strong> Mesmo no ver\u00e3o, as noites nas montanhas podem ser frescas, ent\u00e3o leve um polar leve para se aquecer quando a temperatura cair.<\/li>\n<li><strong>Corta-vento.<\/strong> Embora o clima no ver\u00e3o geralmente seja mais quente e seco, ainda existe a possibilidade de chuvas repentinas ou tempestades ocasionais em regi\u00f5es montanhosas. Um corta-vento ajudar\u00e1 a mant\u00ea-lo seco e protegido em caso de chuva.<\/li>\n<li><strong>Cal\u00e7\u00e3o.<\/strong> Assim como acontece com a maioria das roupas, como as camisetas, \u00e9 conveniente que seja respir\u00e1vel e de secagem r\u00e1pida.<\/li>\n<li><strong>Cal\u00e7a comprida.<\/strong> Voc\u00ea tamb\u00e9m pode optar por uma cal\u00e7a comprida se quiser se proteger da vegeta\u00e7\u00e3o, do sol ou dos insetos. Al\u00e9m disso, \u00e9 a op\u00e7\u00e3o ideal se voc\u00ea estiver subindo para uma altitude consider\u00e1vel, pois tamb\u00e9m o proteger\u00e1 do frio.<\/li>\n<li><strong>Roupa \u00edntima.<\/strong> \u00c9 importante usar roupas \u00edntimas respir\u00e1veis. Al\u00e9m disso, \u00e9 recomend\u00e1vel optar por pe\u00e7as el\u00e1sticas e de costuras planas, pois proporcionar\u00e3o maior conforto.<\/li>\n<li><strong>Sapatos e meias confort\u00e1veis.<\/strong> Escolha cal\u00e7ados resistentes e confort\u00e1veis, como botas de caminhada, juntamente com meias respir\u00e1veis e acolchoadas para evitar bolhas e manter os p\u00e9s secos.<\/li>\n<\/ul>\n<p>Esperamos que este post sobre o que vestir para a montanha no ver\u00e3o seja \u00fatil e lembre-se, na Trek-Net somos especializados em <strong>mallas antiderrapantes para passarelas e pavimentos de madeira, trilhas, escadas<\/strong>&#8230; Se voc\u00ea estiver interessado nelas, n\u00e3o hesite em nos escrever para <a href=\"mailto:info@trek-net.com\">info@trek-net.com<\/a><\/p>\n","protected":false},"excerpt":{"rendered":"<p>\u00bfPlaneas alguna ruta o excursi\u00f3n a la monta\u00f1a en verano? Te desvelamos cu\u00e1les son las prendas m\u00e1s importantes y que no debes pasar por alto<\/p>\n","protected":false},"author":3,"featured_media":1709,"comment_status":"open","ping_status":"open","sticky":false,"template":"","format":"standard","meta":{"_jetpack_memberships_contains_paid_content":false,"footnotes":""},"categories":[346],"tags":[450,465,466],"class_list":["post-2142","post","type-post","status-publish","format-standard","has-post-thumbnail","hentry","category-recomendacoes","tag-montana-pt-pt","tag-ropa-pt-pt","tag-verano-pt-pt"],"yoast_head":"<!-- This site is optimized with the Yoast SEO plugin v26.5 - https:\/\/yoast.com\/wordpress\/plugins\/seo\/ -->\n<title>\u00bfQu\u00e9 ropa llevar a la monta\u00f1a en verano? | Trek-Net<\/title>\n<meta name=\"description\" content=\"\u00bfPlaneas alguna ruta o excursi\u00f3n a la monta\u00f1a en verano? Te desvelamos cu\u00e1les son las prendas m\u00e1s importantes y que no debes pasar por alto\" \/>\n<meta name=\"robots\" content=\"index, follow, max-snippet:-1, max-image-preview:large, max-video-preview:-1\" \/>\n<link rel=\"canonical\" href=\"https:\/\/trek-net.com\/pt-pt\/que-ropa-llevar-a-la-montana-en-verano\/\" \/>\n<meta property=\"og:locale\" content=\"pt_PT\" \/>\n<meta property=\"og:type\" content=\"article\" \/>\n<meta property=\"og:title\" content=\"\u00bfQu\u00e9 ropa llevar a la monta\u00f1a en verano? | Trek-Net\" \/>\n<meta property=\"og:description\" content=\"\u00bfPlaneas alguna ruta o excursi\u00f3n a la monta\u00f1a en verano? Te desvelamos cu\u00e1les son las prendas m\u00e1s importantes y que no debes pasar por alto\" \/>\n<meta property=\"og:url\" content=\"https:\/\/trek-net.com\/pt-pt\/que-ropa-llevar-a-la-montana-en-verano\/\" \/>\n<meta property=\"og:site_name\" content=\"Trek-net\" \/>\n<meta property=\"article:published_time\" content=\"2023-06-30T15:48:21+00:00\" \/>\n<meta property=\"article:modified_time\" content=\"2023-11-10T18:13:08+00:00\" \/>\n<meta property=\"og:image\" content=\"https:\/\/trek-net.com\/wp-content\/uploads\/2023\/06\/montana-verano.jpg\" \/>\n\t<meta property=\"og:image:width\" content=\"1920\" \/>\n\t<meta property=\"og:image:height\" content=\"1280\" \/>\n\t<meta property=\"og:image:type\" content=\"image\/jpeg\" \/>\n<meta name=\"author\" content=\"Celeste Conde\" \/>\n<meta name=\"twitter:card\" content=\"summary_large_image\" \/>\n<meta name=\"twitter:label1\" content=\"Escrito por\" \/>\n\t<meta name=\"twitter:data1\" content=\"Celeste Conde\" \/>\n\t<meta name=\"twitter:label2\" content=\"Tempo estimado de leitura\" \/>\n\t<meta name=\"twitter:data2\" content=\"2 minutos\" \/>\n<script type=\"application\/ld+json\" class=\"yoast-schema-graph\">{\"@context\":\"https:\/\/schema.org\",\"@graph\":[{\"@type\":\"WebPage\",\"@id\":\"https:\/\/trek-net.com\/pt-pt\/que-ropa-llevar-a-la-montana-en-verano\/\",\"url\":\"https:\/\/trek-net.com\/pt-pt\/que-ropa-llevar-a-la-montana-en-verano\/\",\"name\":\"\u00bfQu\u00e9 ropa llevar a la monta\u00f1a en verano? | Trek-Net\",\"isPartOf\":{\"@id\":\"https:\/\/trek-net.com\/#website\"},\"primaryImageOfPage\":{\"@id\":\"https:\/\/trek-net.com\/pt-pt\/que-ropa-llevar-a-la-montana-en-verano\/#primaryimage\"},\"image\":{\"@id\":\"https:\/\/trek-net.com\/pt-pt\/que-ropa-llevar-a-la-montana-en-verano\/#primaryimage\"},\"thumbnailUrl\":\"https:\/\/trek-net.com\/wp-content\/uploads\/2023\/06\/montana-verano.jpg\",\"datePublished\":\"2023-06-30T15:48:21+00:00\",\"dateModified\":\"2023-11-10T18:13:08+00:00\",\"author\":{\"@id\":\"https:\/\/trek-net.com\/#\/schema\/person\/2154556adbc3087011d5d245c1a4180e\"},\"description\":\"\u00bfPlaneas alguna ruta o excursi\u00f3n a la monta\u00f1a en verano? Te desvelamos cu\u00e1les son las prendas m\u00e1s importantes y que no debes pasar por alto\",\"breadcrumb\":{\"@id\":\"https:\/\/trek-net.com\/pt-pt\/que-ropa-llevar-a-la-montana-en-verano\/#breadcrumb\"},\"inLanguage\":\"pt-PT\",\"potentialAction\":[{\"@type\":\"ReadAction\",\"target\":[\"https:\/\/trek-net.com\/pt-pt\/que-ropa-llevar-a-la-montana-en-verano\/\"]}]},{\"@type\":\"ImageObject\",\"inLanguage\":\"pt-PT\",\"@id\":\"https:\/\/trek-net.com\/pt-pt\/que-ropa-llevar-a-la-montana-en-verano\/#primaryimage\",\"url\":\"https:\/\/trek-net.com\/wp-content\/uploads\/2023\/06\/montana-verano.jpg\",\"contentUrl\":\"https:\/\/trek-net.com\/wp-content\/uploads\/2023\/06\/montana-verano.jpg\",\"width\":1920,\"height\":1280,\"caption\":\"La ropa que se lleve a la monta\u00f1a en verano debe ser transpirable\"},{\"@type\":\"BreadcrumbList\",\"@id\":\"https:\/\/trek-net.com\/pt-pt\/que-ropa-llevar-a-la-montana-en-verano\/#breadcrumb\",\"itemListElement\":[{\"@type\":\"ListItem\",\"position\":1,\"name\":\"Portada\",\"item\":\"https:\/\/trek-net.com\/pt-pt\/\"},{\"@type\":\"ListItem\",\"position\":2,\"name\":\"\u00bfQue roupa levar para a montanha no ver\u00e3o?\"}]},{\"@type\":\"WebSite\",\"@id\":\"https:\/\/trek-net.com\/#website\",\"url\":\"https:\/\/trek-net.com\/\",\"name\":\"Trek-net\",\"description\":\"Safety nonslip net\",\"potentialAction\":[{\"@type\":\"SearchAction\",\"target\":{\"@type\":\"EntryPoint\",\"urlTemplate\":\"https:\/\/trek-net.com\/?s={search_term_string}\"},\"query-input\":{\"@type\":\"PropertyValueSpecification\",\"valueRequired\":true,\"valueName\":\"search_term_string\"}}],\"inLanguage\":\"pt-PT\"},{\"@type\":\"Person\",\"@id\":\"https:\/\/trek-net.com\/#\/schema\/person\/2154556adbc3087011d5d245c1a4180e\",\"name\":\"Celeste Conde\",\"image\":{\"@type\":\"ImageObject\",\"inLanguage\":\"pt-PT\",\"@id\":\"https:\/\/trek-net.com\/#\/schema\/person\/image\/\",\"url\":\"https:\/\/secure.gravatar.com\/avatar\/ea313ca5421bf64d8f7503089f4e3036c48e59199bdd5b4352b7d16d57bf9f56?s=96&d=mm&r=g\",\"contentUrl\":\"https:\/\/secure.gravatar.com\/avatar\/ea313ca5421bf64d8f7503089f4e3036c48e59199bdd5b4352b7d16d57bf9f56?s=96&d=mm&r=g\",\"caption\":\"Celeste Conde\"},\"url\":\"https:\/\/trek-net.com\/pt-pt\/author\/celeste\/\"}]}<\/script>\n<!-- \/ Yoast SEO plugin. -->","yoast_head_json":{"title":"\u00bfQu\u00e9 ropa llevar a la monta\u00f1a en verano? | Trek-Net","description":"\u00bfPlaneas alguna ruta o excursi\u00f3n a la monta\u00f1a en verano? Te desvelamos cu\u00e1les son las prendas m\u00e1s importantes y que no debes pasar por alto","robots":{"index":"index","follow":"follow","max-snippet":"max-snippet:-1","max-image-preview":"max-image-preview:large","max-video-preview":"max-video-preview:-1"},"canonical":"https:\/\/trek-net.com\/pt-pt\/que-ropa-llevar-a-la-montana-en-verano\/","og_locale":"pt_PT","og_type":"article","og_title":"\u00bfQu\u00e9 ropa llevar a la monta\u00f1a en verano? | Trek-Net","og_description":"\u00bfPlaneas alguna ruta o excursi\u00f3n a la monta\u00f1a en verano? Te desvelamos cu\u00e1les son las prendas m\u00e1s importantes y que no debes pasar por alto","og_url":"https:\/\/trek-net.com\/pt-pt\/que-ropa-llevar-a-la-montana-en-verano\/","og_site_name":"Trek-net","article_published_time":"2023-06-30T15:48:21+00:00","article_modified_time":"2023-11-10T18:13:08+00:00","og_image":[{"width":1920,"height":1280,"url":"https:\/\/trek-net.com\/wp-content\/uploads\/2023\/06\/montana-verano.jpg","type":"image\/jpeg"}],"author":"Celeste Conde","twitter_card":"summary_large_image","twitter_misc":{"Escrito por":"Celeste Conde","Tempo estimado de leitura":"2 minutos"},"schema":{"@context":"https:\/\/schema.org","@graph":[{"@type":"WebPage","@id":"https:\/\/trek-net.com\/pt-pt\/que-ropa-llevar-a-la-montana-en-verano\/","url":"https:\/\/trek-net.com\/pt-pt\/que-ropa-llevar-a-la-montana-en-verano\/","name":"\u00bfQu\u00e9 ropa llevar a la monta\u00f1a en verano? | Trek-Net","isPartOf":{"@id":"https:\/\/trek-net.com\/#website"},"primaryImageOfPage":{"@id":"https:\/\/trek-net.com\/pt-pt\/que-ropa-llevar-a-la-montana-en-verano\/#primaryimage"},"image":{"@id":"https:\/\/trek-net.com\/pt-pt\/que-ropa-llevar-a-la-montana-en-verano\/#primaryimage"},"thumbnailUrl":"https:\/\/trek-net.com\/wp-content\/uploads\/2023\/06\/montana-verano.jpg","datePublished":"2023-06-30T15:48:21+00:00","dateModified":"2023-11-10T18:13:08+00:00","author":{"@id":"https:\/\/trek-net.com\/#\/schema\/person\/2154556adbc3087011d5d245c1a4180e"},"description":"\u00bfPlaneas alguna ruta o excursi\u00f3n a la monta\u00f1a en verano? Te desvelamos cu\u00e1les son las prendas m\u00e1s importantes y que no debes pasar por alto","breadcrumb":{"@id":"https:\/\/trek-net.com\/pt-pt\/que-ropa-llevar-a-la-montana-en-verano\/#breadcrumb"},"inLanguage":"pt-PT","potentialAction":[{"@type":"ReadAction","target":["https:\/\/trek-net.com\/pt-pt\/que-ropa-llevar-a-la-montana-en-verano\/"]}]},{"@type":"ImageObject","inLanguage":"pt-PT","@id":"https:\/\/trek-net.com\/pt-pt\/que-ropa-llevar-a-la-montana-en-verano\/#primaryimage","url":"https:\/\/trek-net.com\/wp-content\/uploads\/2023\/06\/montana-verano.jpg","contentUrl":"https:\/\/trek-net.com\/wp-content\/uploads\/2023\/06\/montana-verano.jpg","width":1920,"height":1280,"caption":"La ropa que se lleve a la monta\u00f1a en verano debe ser transpirable"},{"@type":"BreadcrumbList","@id":"https:\/\/trek-net.com\/pt-pt\/que-ropa-llevar-a-la-montana-en-verano\/#breadcrumb","itemListElement":[{"@type":"ListItem","position":1,"name":"Portada","item":"https:\/\/trek-net.com\/pt-pt\/"},{"@type":"ListItem","position":2,"name":"\u00bfQue roupa levar para a montanha no ver\u00e3o?"}]},{"@type":"WebSite","@id":"https:\/\/trek-net.com\/#website","url":"https:\/\/trek-net.com\/","name":"Trek-net","description":"Safety nonslip net","potentialAction":[{"@type":"SearchAction","target":{"@type":"EntryPoint","urlTemplate":"https:\/\/trek-net.com\/?s={search_term_string}"},"query-input":{"@type":"PropertyValueSpecification","valueRequired":true,"valueName":"search_term_string"}}],"inLanguage":"pt-PT"},{"@type":"Person","@id":"https:\/\/trek-net.com\/#\/schema\/person\/2154556adbc3087011d5d245c1a4180e","name":"Celeste Conde","image":{"@type":"ImageObject","inLanguage":"pt-PT","@id":"https:\/\/trek-net.com\/#\/schema\/person\/image\/","url":"https:\/\/secure.gravatar.com\/avatar\/ea313ca5421bf64d8f7503089f4e3036c48e59199bdd5b4352b7d16d57bf9f56?s=96&d=mm&r=g","contentUrl":"https:\/\/secure.gravatar.com\/avatar\/ea313ca5421bf64d8f7503089f4e3036c48e59199bdd5b4352b7d16d57bf9f56?s=96&d=mm&r=g","caption":"Celeste Conde"},"url":"https:\/\/trek-net.com\/pt-pt\/author\/celeste\/"}]}},"jetpack_featured_media_url":"https:\/\/trek-net.com\/wp-content\/uploads\/2023\/06\/montana-verano.jpg","jetpack_sharing_enabled":true,"_links":{"self":[{"href":"https:\/\/trek-net.com\/pt-pt\/wp-json\/wp\/v2\/posts\/2142","targetHints":{"allow":["GET"]}}],"collection":[{"href":"https:\/\/trek-net.com\/pt-pt\/wp-json\/wp\/v2\/posts"}],"about":[{"href":"https:\/\/trek-net.com\/pt-pt\/wp-json\/wp\/v2\/types\/post"}],"author":[{"embeddable":true,"href":"https:\/\/trek-net.com\/pt-pt\/wp-json\/wp\/v2\/users\/3"}],"replies":[{"embeddable":true,"href":"https:\/\/trek-net.com\/pt-pt\/wp-json\/wp\/v2\/comments?post=2142"}],"version-history":[{"count":2,"href":"https:\/\/trek-net.com\/pt-pt\/wp-json\/wp\/v2\/posts\/2142\/revisions"}],"predecessor-version":[{"id":2224,"href":"https:\/\/trek-net.com\/pt-pt\/wp-json\/wp\/v2\/posts\/2142\/revisions\/2224"}],"wp:featuredmedia":[{"embeddable":true,"href":"https:\/\/trek-net.com\/pt-pt\/wp-json\/wp\/v2\/media\/1709"}],"wp:attachment":[{"href":"https:\/\/trek-net.com\/pt-pt\/wp-json\/wp\/v2\/media?parent=2142"}],"wp:term":[{"taxonomy":"category","embeddable":true,"href":"https:\/\/trek-net.com\/pt-pt\/wp-json\/wp\/v2\/categories?post=2142"},{"taxonomy":"post_tag","embeddable":true,"href":"https:\/\/trek-net.com\/pt-pt\/wp-json\/wp\/v2\/tags?post=2142"}],"curies":[{"name":"wp","href":"https:\/\/api.w.org\/{rel}","templated":true}]}}