{"id":2543,"date":"2021-07-16T17:12:12","date_gmt":"2021-07-16T15:12:12","guid":{"rendered":"https:\/\/trek-net.com\/los-mejores-desfiladeros-en-espana\/"},"modified":"2023-11-14T10:24:20","modified_gmt":"2023-11-14T09:24:20","slug":"los-mejores-desfiladeros-en-espana","status":"publish","type":"post","link":"https:\/\/trek-net.com\/pt-pt\/los-mejores-desfiladeros-en-espana\/","title":{"rendered":"Os melhores desfiladeiros na Espanha"},"content":{"rendered":"<p>Com vontade de aventura? Ent\u00e3o, n\u00e3o podes perder este post. A seguir, revelamos quatro dos desfiladeiros mais impressionantes na Espanha. Perfeitos para desfrutar de uma escapadela diferente.<\/p>\n<p>Vamos l\u00e1!<\/p>\n<h2><strong>4 desfiladeiros na Espanha imperd\u00edveis<\/strong><\/h2>\n<h3><strong>Desfiladeiro de La Yecla (Burgos)<\/strong><\/h3>\n<p>Muito perto de Santo Domingo de Silos, encontra-se a rota do desfiladeiro de La Yecla. Sem d\u00favida, trata-se de um percurso de <strong>f\u00e1cil trajeto<\/strong>, sendo ideal para toda a fam\u00edlia.<br \/>\nLocalizado na serra de La Demanda, em Burgos, dentro do <strong>Espa\u00e7o Natural de La Yecla e os Sabinares del Arlanza<\/strong>, tem um comprimento de 2 quil\u00f4metros, enquanto sua largura, em muitos casos, n\u00e3o ultrapassa os dois metros.<\/p>\n<p>Assim, ao longo das <a href=\"https:\/\/trek-net.com\/rutas-por-pasarelas-con-encanto-en-galicia\/\">passarelas<\/a> e sempre com o murm\u00fario do rio Cauce, \u00e9 poss\u00edvel atravessar a estreita garganta e desfrutar de uma paisagem impressionante, al\u00e9m de r\u00e1pidos e cachoeiras. Al\u00e9m disso, \u00e9 poss\u00edvel avistar abutres-leonados.<\/p>\n<div id=\"attachment_482\" style=\"width: 851px\" class=\"wp-caption aligncenter\"><img decoding=\"async\" aria-describedby=\"caption-attachment-482\" class=\" wp-image-482\" src=\"https:\/\/trek-net.com\/wp-content\/uploads\/2021\/07\/La-Yecla-y-Sabinares-del-Arlanza-Excma-Diputacion-Provincial-de-Burgos-300x199.png\" alt=\"O desfiladeiro de La Yecla tem um comprimento de 2 quil\u00f4metros\" width=\"841\" height=\"558\" srcset=\"https:\/\/trek-net.com\/wp-content\/uploads\/2021\/07\/La-Yecla-y-Sabinares-del-Arlanza-Excma-Diputacion-Provincial-de-Burgos-200x133.png 200w, https:\/\/trek-net.com\/wp-content\/uploads\/2021\/07\/La-Yecla-y-Sabinares-del-Arlanza-Excma-Diputacion-Provincial-de-Burgos-300x199.png 300w, https:\/\/trek-net.com\/wp-content\/uploads\/2021\/07\/La-Yecla-y-Sabinares-del-Arlanza-Excma-Diputacion-Provincial-de-Burgos-400x266.png 400w, https:\/\/trek-net.com\/wp-content\/uploads\/2021\/07\/La-Yecla-y-Sabinares-del-Arlanza-Excma-Diputacion-Provincial-de-Burgos-500x332.png 500w, https:\/\/trek-net.com\/wp-content\/uploads\/2021\/07\/La-Yecla-y-Sabinares-del-Arlanza-Excma-Diputacion-Provincial-de-Burgos-600x399.png 600w, https:\/\/trek-net.com\/wp-content\/uploads\/2021\/07\/La-Yecla-y-Sabinares-del-Arlanza-Excma-Diputacion-Provincial-de-Burgos-700x465.png 700w, https:\/\/trek-net.com\/wp-content\/uploads\/2021\/07\/La-Yecla-y-Sabinares-del-Arlanza-Excma-Diputacion-Provincial-de-Burgos-768x510.png 768w, https:\/\/trek-net.com\/wp-content\/uploads\/2021\/07\/La-Yecla-y-Sabinares-del-Arlanza-Excma-Diputacion-Provincial-de-Burgos-800x532.png 800w, https:\/\/trek-net.com\/wp-content\/uploads\/2021\/07\/La-Yecla-y-Sabinares-del-Arlanza-Excma-Diputacion-Provincial-de-Burgos-1024x681.png 1024w, https:\/\/trek-net.com\/wp-content\/uploads\/2021\/07\/La-Yecla-y-Sabinares-del-Arlanza-Excma-Diputacion-Provincial-de-Burgos-1200x797.png 1200w, https:\/\/trek-net.com\/wp-content\/uploads\/2021\/07\/La-Yecla-y-Sabinares-del-Arlanza-Excma-Diputacion-Provincial-de-Burgos.png 1261w\" sizes=\"(max-width: 841px) 100vw, 841px\" \/><p id=\"caption-attachment-482\" class=\"wp-caption-text\">La Yecla, Diputaci\u00f3n Provincial de Burgos<\/p><\/div>\n<h3><strong>Cerrada del r\u00edo Castril (Granada)<\/strong><\/h3>\n<p>De Castilla y Le\u00f3n vamos para Andaluzia, porque em Granada encontra-se a Cerrada del r\u00edo Castril. O percurso, de <strong>2,2 quil\u00f4metros<\/strong> e uma subida de 110 metros, \u00e9 perfeito para desfrutar de uma rota familiar. Al\u00e9m disso, atravessa uma ponte suspensa e alguns t\u00faneis.<br \/>\nPor outro lado, a rota desce, do centro da cidade de Castril, at\u00e9 o rio e chega \u00e0 antiga central el\u00e9trica, que est\u00e1 escavada na rocha. Sem d\u00favida, um percurso ideal para desfrutar ao m\u00e1ximo da natureza.<\/p>\n<div id=\"attachment_486\" style=\"width: 847px\" class=\"wp-caption aligncenter\"><img decoding=\"async\" aria-describedby=\"caption-attachment-486\" class=\" wp-image-486\" src=\"https:\/\/trek-net.com\/wp-content\/uploads\/2021\/07\/Cerrada-Castril-patronato-turismo-Granada-300x218.jpg\" alt=\"Cerrada del r\u00edo Castril tem 2,2 quil\u00f4metros de percurso\" width=\"837\" height=\"608\" srcset=\"https:\/\/trek-net.com\/wp-content\/uploads\/2021\/07\/Cerrada-Castril-patronato-turismo-Granada-200x145.jpg 200w, https:\/\/trek-net.com\/wp-content\/uploads\/2021\/07\/Cerrada-Castril-patronato-turismo-Granada-300x218.jpg 300w, https:\/\/trek-net.com\/wp-content\/uploads\/2021\/07\/Cerrada-Castril-patronato-turismo-Granada-400x291.jpg 400w, https:\/\/trek-net.com\/wp-content\/uploads\/2021\/07\/Cerrada-Castril-patronato-turismo-Granada-500x364.jpg 500w, https:\/\/trek-net.com\/wp-content\/uploads\/2021\/07\/Cerrada-Castril-patronato-turismo-Granada.jpg 550w\" sizes=\"(max-width: 837px) 100vw, 837px\" \/><p id=\"caption-attachment-486\" class=\"wp-caption-text\">Cerrada del r\u00edo Castril. Patronato Provincial de Turismo<\/p><\/div>\n<h3><strong>Hoz de Beteta (Cuenca)<\/strong><\/h3>\n<p>Outro dos desfiladeiros na Espanha que n\u00e3o podes perder? A Hoz de Beteta, na Serran\u00eda de Cuenca. Um espa\u00e7o protegido com quase 8 quil\u00f4metros de penhascos denominado <strong>Monumento Natural Hoz de Beteta e Sumidero de Mata Asnos<\/strong>.<br \/>\nCavernas, meandros, po\u00e7as e cachoeiras s\u00e3o alguns dos atrativos que podem ser apreciados durante o percurso e, al\u00e9m disso, n\u00e3o \u00e9 necess\u00e1rio percorrer todo o trajeto, j\u00e1 que existem diferentes percursos de menor dura\u00e7\u00e3o, como o Passeio Bot\u00e2nico, de dois quil\u00f4metros.<\/p>\n<p><img decoding=\"async\" class=\" wp-image-490 aligncenter\" src=\"https:\/\/trek-net.com\/wp-content\/uploads\/2021\/07\/1526036310-300x188.jpg\" alt=\"Hoz de Beteta possui quase 8 quil\u00f4metros de penhascos\" width=\"839\" height=\"526\" srcset=\"https:\/\/trek-net.com\/wp-content\/uploads\/2021\/07\/1526036310-200x125.jpg 200w, https:\/\/trek-net.com\/wp-content\/uploads\/2021\/07\/1526036310-300x188.jpg 300w, https:\/\/trek-net.com\/wp-content\/uploads\/2021\/07\/1526036310-320x202.jpg 320w, https:\/\/trek-net.com\/wp-content\/uploads\/2021\/07\/1526036310-400x250.jpg 400w, https:\/\/trek-net.com\/wp-content\/uploads\/2021\/07\/1526036310-500x313.jpg 500w, https:\/\/trek-net.com\/wp-content\/uploads\/2021\/07\/1526036310.jpg 600w\" sizes=\"(max-width: 839px) 100vw, 839px\" \/><\/p>\n<h3><strong>Congost de Mont-Rebei (Lleida) <\/strong><\/h3>\n<p>Com paredes de mais de 500 metros e um caminho escavado na rocha, o congost de Mont-Rebei, em Lleida, \u00e9 um dos desfiladeiros na Espanha mais espetaculares. Al\u00e9m disso, \u00e9 declarado como <strong>Ref\u00fagio de Fauna Selvagem<\/strong>.<br \/>\nVistas impressionantes e natureza selvagem est\u00e3o entre seus principais atrativos. Al\u00e9m disso, est\u00e1 perto da caverna de la Colomera, um destino ideal para os apaixonados por espeleologia.<\/p>\n<p><img decoding=\"async\" class=\" wp-image-494 aligncenter\" src=\"https:\/\/trek-net.com\/wp-content\/uploads\/2021\/07\/Screenshot-2021-07-15-at-12-35-50-Congosto-de-Mont-rebei-Excursiones-por-Huesca-300x204.png\" alt=\"Congost de Mont-Rebei \u00e9 declarado como Ref\u00fagio de Fauna Selvagem\" width=\"843\" height=\"573\" srcset=\"https:\/\/trek-net.com\/wp-content\/uploads\/2021\/07\/Screenshot-2021-07-15-at-12-35-50-Congosto-de-Mont-rebei-Excursiones-por-Huesca-200x136.png 200w, https:\/\/trek-net.com\/wp-content\/uploads\/2021\/07\/Screenshot-2021-07-15-at-12-35-50-Congosto-de-Mont-rebei-Excursiones-por-Huesca-300x204.png 300w, https:\/\/trek-net.com\/wp-content\/uploads\/2021\/07\/Screenshot-2021-07-15-at-12-35-50-Congosto-de-Mont-rebei-Excursiones-por-Huesca-400x272.png 400w, https:\/\/trek-net.com\/wp-content\/uploads\/2021\/07\/Screenshot-2021-07-15-at-12-35-50-Congosto-de-Mont-rebei-Excursiones-por-Huesca-500x340.png 500w, https:\/\/trek-net.com\/wp-content\/uploads\/2021\/07\/Screenshot-2021-07-15-at-12-35-50-Congosto-de-Mont-rebei-Excursiones-por-Huesca-600x408.png 600w, https:\/\/trek-net.com\/wp-content\/uploads\/2021\/07\/Screenshot-2021-07-15-at-12-35-50-Congosto-de-Mont-rebei-Excursiones-por-Huesca-700x477.png 700w, https:\/\/trek-net.com\/wp-content\/uploads\/2021\/07\/Screenshot-2021-07-15-at-12-35-50-Congosto-de-Mont-rebei-Excursiones-por-Huesca-768x523.png 768w, https:\/\/trek-net.com\/wp-content\/uploads\/2021\/07\/Screenshot-2021-07-15-at-12-35-50-Congosto-de-Mont-rebei-Excursiones-por-Huesca-800x545.png 800w, https:\/\/trek-net.com\/wp-content\/uploads\/2021\/07\/Screenshot-2021-07-15-at-12-35-50-Congosto-de-Mont-rebei-Excursiones-por-Huesca.png 996w\" sizes=\"(max-width: 843px) 100vw, 843px\" \/><br \/>\nO que achaste deste post sobre desfiladeiros na Espanha que n\u00e3o podes perder? Esperamos que tenha gostado e lembra-te, na Trek-Net, encarregamo-nos de instalar malhas antiderrapantes. Redes de prote\u00e7\u00e3o que evitam quedas e trope\u00e7os acidentais provocados pela chuva ou umidade.<\/p>\n<p>Se estiveres interessado nelas, n\u00e3o hesites em contactar-nos. Ficaremos felizes em ouvir-te e ajudar-te em tudo o que precisares.<\/p>\n","protected":false},"excerpt":{"rendered":"<p>\u00bfCon ganas de aventuras? Te descubrimos los mejores desfiladeros en Espa\u00f1a para que disfrutes de una jornada diferente en la naturaleza<\/p>\n","protected":false},"author":3,"featured_media":1537,"comment_status":"open","ping_status":"open","sticky":false,"template":"","format":"standard","meta":{"_jetpack_memberships_contains_paid_content":false,"footnotes":""},"categories":[346],"tags":[546,547,548,549,550,551,552,553,554,555,556],"class_list":["post-2543","post","type-post","status-publish","format-standard","has-post-thumbnail","hentry","category-recomendacoes","tag-burgos-pt-pt","tag-cerrada-del-rio-castril-pt-pt","tag-congost-de-mont-rebei-pt-pt","tag-cuenca-pt-pt","tag-desfiladero-de-la-yecla-pt-pt","tag-desfiladeros-pt-pt","tag-espana-pt-pt","tag-granada-pt-pt","tag-hoz-de-beteta-pt-pt","tag-lleida-pt-pt","tag-rutas-pt-pt"],"yoast_head":"<!-- This site is optimized with the Yoast SEO plugin v26.5 - https:\/\/yoast.com\/wordpress\/plugins\/seo\/ -->\n<title>Impresionantes desfiladeros en Espa\u00f1a que no te puedes perder<\/title>\n<meta name=\"description\" content=\"\u00bfCon ganas de aventuras? Te descubrimos los mejores desfiladeros en Espa\u00f1a para que disfrutes de una jornada diferente en la naturaleza\" \/>\n<meta name=\"robots\" content=\"index, follow, max-snippet:-1, max-image-preview:large, max-video-preview:-1\" \/>\n<link rel=\"canonical\" href=\"https:\/\/trek-net.com\/pt-pt\/los-mejores-desfiladeros-en-espana\/\" \/>\n<meta property=\"og:locale\" content=\"pt_PT\" \/>\n<meta property=\"og:type\" content=\"article\" \/>\n<meta property=\"og:title\" content=\"Impresionantes desfiladeros en Espa\u00f1a que no te puedes perder\" \/>\n<meta property=\"og:description\" content=\"\u00bfCon ganas de aventuras? Te descubrimos los mejores desfiladeros en Espa\u00f1a para que disfrutes de una jornada diferente en la naturaleza\" \/>\n<meta property=\"og:url\" content=\"https:\/\/trek-net.com\/pt-pt\/los-mejores-desfiladeros-en-espana\/\" \/>\n<meta property=\"og:site_name\" content=\"Trek-net\" \/>\n<meta property=\"article:published_time\" content=\"2021-07-16T15:12:12+00:00\" \/>\n<meta property=\"article:modified_time\" content=\"2023-11-14T09:24:20+00:00\" \/>\n<meta property=\"og:image\" content=\"https:\/\/trek-net.com\/wp-content\/uploads\/2021\/07\/La-Yecla-y-Sabinares-del-Arlanza-Excma-Diputacion-Provincial-de-Burgos-1024x681.png\" \/>\n\t<meta property=\"og:image:width\" content=\"1024\" \/>\n\t<meta property=\"og:image:height\" content=\"681\" \/>\n\t<meta property=\"og:image:type\" content=\"image\/png\" \/>\n<meta name=\"author\" content=\"Celeste Conde\" \/>\n<meta name=\"twitter:card\" content=\"summary_large_image\" \/>\n<meta name=\"twitter:label1\" content=\"Escrito por\" \/>\n\t<meta name=\"twitter:data1\" content=\"Celeste Conde\" \/>\n\t<meta name=\"twitter:label2\" content=\"Tempo estimado de leitura\" \/>\n\t<meta name=\"twitter:data2\" content=\"4 minutos\" \/>\n<script type=\"application\/ld+json\" class=\"yoast-schema-graph\">{\"@context\":\"https:\/\/schema.org\",\"@graph\":[{\"@type\":\"WebPage\",\"@id\":\"https:\/\/trek-net.com\/pt-pt\/los-mejores-desfiladeros-en-espana\/\",\"url\":\"https:\/\/trek-net.com\/pt-pt\/los-mejores-desfiladeros-en-espana\/\",\"name\":\"Impresionantes desfiladeros en Espa\u00f1a que no te puedes perder\",\"isPartOf\":{\"@id\":\"https:\/\/trek-net.com\/#website\"},\"primaryImageOfPage\":{\"@id\":\"https:\/\/trek-net.com\/pt-pt\/los-mejores-desfiladeros-en-espana\/#primaryimage\"},\"image\":{\"@id\":\"https:\/\/trek-net.com\/pt-pt\/los-mejores-desfiladeros-en-espana\/#primaryimage\"},\"thumbnailUrl\":\"https:\/\/trek-net.com\/wp-content\/uploads\/2021\/07\/La-Yecla-y-Sabinares-del-Arlanza-Excma-Diputacion-Provincial-de-Burgos.png\",\"datePublished\":\"2021-07-16T15:12:12+00:00\",\"dateModified\":\"2023-11-14T09:24:20+00:00\",\"author\":{\"@id\":\"https:\/\/trek-net.com\/#\/schema\/person\/2154556adbc3087011d5d245c1a4180e\"},\"description\":\"\u00bfCon ganas de aventuras? Te descubrimos los mejores desfiladeros en Espa\u00f1a para que disfrutes de una jornada diferente en la naturaleza\",\"breadcrumb\":{\"@id\":\"https:\/\/trek-net.com\/pt-pt\/los-mejores-desfiladeros-en-espana\/#breadcrumb\"},\"inLanguage\":\"pt-PT\",\"potentialAction\":[{\"@type\":\"ReadAction\",\"target\":[\"https:\/\/trek-net.com\/pt-pt\/los-mejores-desfiladeros-en-espana\/\"]}]},{\"@type\":\"ImageObject\",\"inLanguage\":\"pt-PT\",\"@id\":\"https:\/\/trek-net.com\/pt-pt\/los-mejores-desfiladeros-en-espana\/#primaryimage\",\"url\":\"https:\/\/trek-net.com\/wp-content\/uploads\/2021\/07\/La-Yecla-y-Sabinares-del-Arlanza-Excma-Diputacion-Provincial-de-Burgos.png\",\"contentUrl\":\"https:\/\/trek-net.com\/wp-content\/uploads\/2021\/07\/La-Yecla-y-Sabinares-del-Arlanza-Excma-Diputacion-Provincial-de-Burgos.png\",\"width\":1261,\"height\":838,\"caption\":\"La Yecla, Diputaci\u00f3n Provincial de Burgos\"},{\"@type\":\"BreadcrumbList\",\"@id\":\"https:\/\/trek-net.com\/pt-pt\/los-mejores-desfiladeros-en-espana\/#breadcrumb\",\"itemListElement\":[{\"@type\":\"ListItem\",\"position\":1,\"name\":\"Portada\",\"item\":\"https:\/\/trek-net.com\/pt-pt\/\"},{\"@type\":\"ListItem\",\"position\":2,\"name\":\"Os melhores desfiladeiros na Espanha\"}]},{\"@type\":\"WebSite\",\"@id\":\"https:\/\/trek-net.com\/#website\",\"url\":\"https:\/\/trek-net.com\/\",\"name\":\"Trek-net\",\"description\":\"Safety nonslip net\",\"potentialAction\":[{\"@type\":\"SearchAction\",\"target\":{\"@type\":\"EntryPoint\",\"urlTemplate\":\"https:\/\/trek-net.com\/?s={search_term_string}\"},\"query-input\":{\"@type\":\"PropertyValueSpecification\",\"valueRequired\":true,\"valueName\":\"search_term_string\"}}],\"inLanguage\":\"pt-PT\"},{\"@type\":\"Person\",\"@id\":\"https:\/\/trek-net.com\/#\/schema\/person\/2154556adbc3087011d5d245c1a4180e\",\"name\":\"Celeste Conde\",\"image\":{\"@type\":\"ImageObject\",\"inLanguage\":\"pt-PT\",\"@id\":\"https:\/\/trek-net.com\/#\/schema\/person\/image\/\",\"url\":\"https:\/\/secure.gravatar.com\/avatar\/ea313ca5421bf64d8f7503089f4e3036c48e59199bdd5b4352b7d16d57bf9f56?s=96&d=mm&r=g\",\"contentUrl\":\"https:\/\/secure.gravatar.com\/avatar\/ea313ca5421bf64d8f7503089f4e3036c48e59199bdd5b4352b7d16d57bf9f56?s=96&d=mm&r=g\",\"caption\":\"Celeste Conde\"},\"url\":\"https:\/\/trek-net.com\/pt-pt\/author\/celeste\/\"}]}<\/script>\n<!-- \/ Yoast SEO plugin. -->","yoast_head_json":{"title":"Impresionantes desfiladeros en Espa\u00f1a que no te puedes perder","description":"\u00bfCon ganas de aventuras? Te descubrimos los mejores desfiladeros en Espa\u00f1a para que disfrutes de una jornada diferente en la naturaleza","robots":{"index":"index","follow":"follow","max-snippet":"max-snippet:-1","max-image-preview":"max-image-preview:large","max-video-preview":"max-video-preview:-1"},"canonical":"https:\/\/trek-net.com\/pt-pt\/los-mejores-desfiladeros-en-espana\/","og_locale":"pt_PT","og_type":"article","og_title":"Impresionantes desfiladeros en Espa\u00f1a que no te puedes perder","og_description":"\u00bfCon ganas de aventuras? Te descubrimos los mejores desfiladeros en Espa\u00f1a para que disfrutes de una jornada diferente en la naturaleza","og_url":"https:\/\/trek-net.com\/pt-pt\/los-mejores-desfiladeros-en-espana\/","og_site_name":"Trek-net","article_published_time":"2021-07-16T15:12:12+00:00","article_modified_time":"2023-11-14T09:24:20+00:00","og_image":[{"width":1024,"height":681,"url":"https:\/\/trek-net.com\/wp-content\/uploads\/2021\/07\/La-Yecla-y-Sabinares-del-Arlanza-Excma-Diputacion-Provincial-de-Burgos-1024x681.png","type":"image\/png"}],"author":"Celeste Conde","twitter_card":"summary_large_image","twitter_misc":{"Escrito por":"Celeste Conde","Tempo estimado de leitura":"4 minutos"},"schema":{"@context":"https:\/\/schema.org","@graph":[{"@type":"WebPage","@id":"https:\/\/trek-net.com\/pt-pt\/los-mejores-desfiladeros-en-espana\/","url":"https:\/\/trek-net.com\/pt-pt\/los-mejores-desfiladeros-en-espana\/","name":"Impresionantes desfiladeros en Espa\u00f1a que no te puedes perder","isPartOf":{"@id":"https:\/\/trek-net.com\/#website"},"primaryImageOfPage":{"@id":"https:\/\/trek-net.com\/pt-pt\/los-mejores-desfiladeros-en-espana\/#primaryimage"},"image":{"@id":"https:\/\/trek-net.com\/pt-pt\/los-mejores-desfiladeros-en-espana\/#primaryimage"},"thumbnailUrl":"https:\/\/trek-net.com\/wp-content\/uploads\/2021\/07\/La-Yecla-y-Sabinares-del-Arlanza-Excma-Diputacion-Provincial-de-Burgos.png","datePublished":"2021-07-16T15:12:12+00:00","dateModified":"2023-11-14T09:24:20+00:00","author":{"@id":"https:\/\/trek-net.com\/#\/schema\/person\/2154556adbc3087011d5d245c1a4180e"},"description":"\u00bfCon ganas de aventuras? Te descubrimos los mejores desfiladeros en Espa\u00f1a para que disfrutes de una jornada diferente en la naturaleza","breadcrumb":{"@id":"https:\/\/trek-net.com\/pt-pt\/los-mejores-desfiladeros-en-espana\/#breadcrumb"},"inLanguage":"pt-PT","potentialAction":[{"@type":"ReadAction","target":["https:\/\/trek-net.com\/pt-pt\/los-mejores-desfiladeros-en-espana\/"]}]},{"@type":"ImageObject","inLanguage":"pt-PT","@id":"https:\/\/trek-net.com\/pt-pt\/los-mejores-desfiladeros-en-espana\/#primaryimage","url":"https:\/\/trek-net.com\/wp-content\/uploads\/2021\/07\/La-Yecla-y-Sabinares-del-Arlanza-Excma-Diputacion-Provincial-de-Burgos.png","contentUrl":"https:\/\/trek-net.com\/wp-content\/uploads\/2021\/07\/La-Yecla-y-Sabinares-del-Arlanza-Excma-Diputacion-Provincial-de-Burgos.png","width":1261,"height":838,"caption":"La Yecla, Diputaci\u00f3n Provincial de Burgos"},{"@type":"BreadcrumbList","@id":"https:\/\/trek-net.com\/pt-pt\/los-mejores-desfiladeros-en-espana\/#breadcrumb","itemListElement":[{"@type":"ListItem","position":1,"name":"Portada","item":"https:\/\/trek-net.com\/pt-pt\/"},{"@type":"ListItem","position":2,"name":"Os melhores desfiladeiros na Espanha"}]},{"@type":"WebSite","@id":"https:\/\/trek-net.com\/#website","url":"https:\/\/trek-net.com\/","name":"Trek-net","description":"Safety nonslip net","potentialAction":[{"@type":"SearchAction","target":{"@type":"EntryPoint","urlTemplate":"https:\/\/trek-net.com\/?s={search_term_string}"},"query-input":{"@type":"PropertyValueSpecification","valueRequired":true,"valueName":"search_term_string"}}],"inLanguage":"pt-PT"},{"@type":"Person","@id":"https:\/\/trek-net.com\/#\/schema\/person\/2154556adbc3087011d5d245c1a4180e","name":"Celeste Conde","image":{"@type":"ImageObject","inLanguage":"pt-PT","@id":"https:\/\/trek-net.com\/#\/schema\/person\/image\/","url":"https:\/\/secure.gravatar.com\/avatar\/ea313ca5421bf64d8f7503089f4e3036c48e59199bdd5b4352b7d16d57bf9f56?s=96&d=mm&r=g","contentUrl":"https:\/\/secure.gravatar.com\/avatar\/ea313ca5421bf64d8f7503089f4e3036c48e59199bdd5b4352b7d16d57bf9f56?s=96&d=mm&r=g","caption":"Celeste Conde"},"url":"https:\/\/trek-net.com\/pt-pt\/author\/celeste\/"}]}},"jetpack_featured_media_url":"https:\/\/trek-net.com\/wp-content\/uploads\/2021\/07\/La-Yecla-y-Sabinares-del-Arlanza-Excma-Diputacion-Provincial-de-Burgos.png","jetpack_sharing_enabled":true,"_links":{"self":[{"href":"https:\/\/trek-net.com\/pt-pt\/wp-json\/wp\/v2\/posts\/2543","targetHints":{"allow":["GET"]}}],"collection":[{"href":"https:\/\/trek-net.com\/pt-pt\/wp-json\/wp\/v2\/posts"}],"about":[{"href":"https:\/\/trek-net.com\/pt-pt\/wp-json\/wp\/v2\/types\/post"}],"author":[{"embeddable":true,"href":"https:\/\/trek-net.com\/pt-pt\/wp-json\/wp\/v2\/users\/3"}],"replies":[{"embeddable":true,"href":"https:\/\/trek-net.com\/pt-pt\/wp-json\/wp\/v2\/comments?post=2543"}],"version-history":[{"count":1,"href":"https:\/\/trek-net.com\/pt-pt\/wp-json\/wp\/v2\/posts\/2543\/revisions"}],"predecessor-version":[{"id":2567,"href":"https:\/\/trek-net.com\/pt-pt\/wp-json\/wp\/v2\/posts\/2543\/revisions\/2567"}],"wp:featuredmedia":[{"embeddable":true,"href":"https:\/\/trek-net.com\/pt-pt\/wp-json\/wp\/v2\/media\/1537"}],"wp:attachment":[{"href":"https:\/\/trek-net.com\/pt-pt\/wp-json\/wp\/v2\/media?parent=2543"}],"wp:term":[{"taxonomy":"category","embeddable":true,"href":"https:\/\/trek-net.com\/pt-pt\/wp-json\/wp\/v2\/categories?post=2543"},{"taxonomy":"post_tag","embeddable":true,"href":"https:\/\/trek-net.com\/pt-pt\/wp-json\/wp\/v2\/tags?post=2543"}],"curies":[{"name":"wp","href":"https:\/\/api.w.org\/{rel}","templated":true}]}}